{"id":905,"date":"2024-12-13T16:59:14","date_gmt":"2024-12-13T16:59:14","guid":{"rendered":"https:\/\/repository.volare-project.eu\/parisi-16-21-noemvriou-2024-defteri-dia-zosis-synantisi-tou-volare\/"},"modified":"2024-12-27T11:33:14","modified_gmt":"2024-12-27T11:33:14","slug":"paris-16-21-novembre-2024-deuxieme-reunion-en-presentiel-de-lequipe-volare","status":"publish","type":"post","link":"https:\/\/repository.volare-project.eu\/fr\/paris-16-21-novembre-2024-deuxieme-reunion-en-presentiel-de-lequipe-volare\/","title":{"rendered":"Paris, 16-21 novembre 2024: deuxi\u00e8me r\u00e9union en pr\u00e9sentiel de l\u2019\u00e9quipe VOLARE"},"content":{"rendered":"<p>La deuxi\u00e8me rencontre en pr\u00e9sentiel des partenaires du projet VOLARE a port\u00e9 sur l\u2019\u00e9change de m\u00e9thodologies, de pratiques et d\u2019outils pour la collecte et la valorisation des t\u00e9moignages. Plusieurs membres de notre consortium y ont particip\u00e9: de l\u2019Universit\u00e9 de Sofia Kliment Ohridski (Bulgarie), Dafina Lazarova, Niren Hasanova et, via Zoom, Ilia Iliev ; de l\u2019Universit\u00e9 Nationale et Capodistrienne d\u2019Ath\u00e8nes (Gr\u00e8ce, partenaire principal), Alexandra Androussou, Anna Apostolidou, Nelly Askouni, Vassilis Tsafos, Elektra Floropoulou, Elina Tsiroga, Christos Stefanou, Matoula Papadimitriou et Despina Apostolidou ; de la coop\u00e9rative Sociality (Gr\u00e8ce), Nadianna Koutiva, Antonis Faras et Grigoris Tsardanidis ; et de l\u2019Universit\u00e9 Paris 8 &#8211; Vincennes Saint-Denis (France), qui a organis\u00e9 la rencontre, Pierre Johan Laffitte et Del Aram Bidabad.<\/p>\n<p>Le programme de la r\u00e9union \u00e0 Paris comprenait une journ\u00e9e d\u2019\u00e9tude sur les d\u00e9fis des migrations (<a href=\"https:\/\/repository.volare-project.eu\/wp-content\/uploads\/2024\/12\/Final-Volare16nov_VF-1.pdf\" target=\"_blank\" rel=\"noopener\">voir le programme ici<\/a>), une s\u00e9rie d\u2019entretiens sur place, une visite de l\u2019\u00e9cole Pajol et une rencontre avec des enseignants ainsi que des repr\u00e9sentants d\u2019associations de soutien aux migrants, un atelier sur la conception participative du d\u00e9p\u00f4t num\u00e9rique et une discussion sur le contexte international du multilinguisme \u00e0 la biblioth\u00e8que universitaire de l\u2019\u00c9cole Normale Sup\u00e9rieure. Cette r\u00e9union en pr\u00e9sentiel avait \u00e9t\u00e9 pr\u00e9c\u00e9d\u00e9e, le 16 octobre, d\u2019une rencontre en ligne d\u00e9di\u00e9e \u00e0 l\u2019organisation collaborative de la journ\u00e9e d\u2019\u00e9tude. Celle-ci avait r\u00e9uni des \u00e9ducateurs, chercheurs, activistes et membres de la communaut\u00e9 pour discuter du r\u00f4le de la p\u00e9dagogie dans l\u2019accueil efficace des populations minoritaires.<\/p>\n<p>Le 16 novembre, \u00e0 la Maison de la Recherche de l\u2019Universit\u00e9 Paris 8, s\u2019est tenue la journ\u00e9e d\u2019\u00e9tude intitul\u00e9e \u00abAccueillir les singularit\u00e9s: migrations et humanit\u00e9, ou quand un imp\u00e9ratif commun \u00e9merge d\u2019une crise majeure de notre temps\u00bb. Cet \u00e9v\u00e9nement, diffus\u00e9 \u00e9galement en ligne, avait pour objectif d\u2019adopter une approche multidisciplinaire des d\u00e9fis li\u00e9s aux migrations. Acad\u00e9miques, chercheurs, artistes, \u00e9tudiants et membres de la communaut\u00e9 ont partag\u00e9 leurs r\u00e9flexions au cours de 4 tables rondes, abordant des th\u00e9matiques telles que les singularit\u00e9s culturelles et linguistiques, les pratiques artistiques et collectives, les voix des r\u00e9fugi\u00e9s et des migrants dans l\u2019enseignement sup\u00e9rieur, et la praxis universitaire face aux d\u00e9fis politiques des migrations. Cette rencontre, qui a rassembl\u00e9 des voix diverses et mis en lumi\u00e8re des approches innovantes autour de l\u2019int\u00e9gration des t\u00e9moignages et de la multimodalit\u00e9 dans l\u2019\u00e9ducation, a permis des \u00e9changes enrichissants entre le projet VOLARE et d\u2019autres groupes de recherche \u0153uvrant sur ces probl\u00e9matiques. Elle a \u00e9t\u00e9 largement suivie par les membres de la communaut\u00e9 acad\u00e9mique de Paris 8.<\/p>\n<p>&nbsp;<\/p>\n<div id='gallery-1' class='gallery galleryid-905 gallery-columns-3 gallery-size-thumbnail'><figure class='gallery-item'>\n\t\t\t<div class='gallery-icon landscape'>\n\t\t\t\t<a href='https:\/\/repository.volare-project.eu\/fr\/paris-16-21-novembre-2024-deuxieme-reunion-en-presentiel-de-lequipe-volare\/img_3481-1-2\/'><img loading=\"lazy\" decoding=\"async\" width=\"150\" height=\"150\" src=\"https:\/\/repository.volare-project.eu\/wp-content\/uploads\/2024\/12\/IMG_3481-1-150x150.jpg\" class=\"attachment-thumbnail size-thumbnail\" alt=\"\" \/><\/a>\n\t\t\t<\/div><\/figure><figure class='gallery-item'>\n\t\t\t<div class='gallery-icon landscape'>\n\t\t\t\t<a href='https:\/\/repository.volare-project.eu\/fr\/paris-16-21-novembre-2024-deuxieme-reunion-en-presentiel-de-lequipe-volare\/img_3571-2\/'><img loading=\"lazy\" decoding=\"async\" width=\"150\" height=\"150\" src=\"https:\/\/repository.volare-project.eu\/wp-content\/uploads\/2024\/12\/IMG_3571-150x150.jpg\" class=\"attachment-thumbnail size-thumbnail\" alt=\"\" \/><\/a>\n\t\t\t<\/div><\/figure><figure class='gallery-item'>\n\t\t\t<div class='gallery-icon landscape'>\n\t\t\t\t<a href='https:\/\/repository.volare-project.eu\/fr\/paris-16-21-novembre-2024-deuxieme-reunion-en-presentiel-de-lequipe-volare\/462570047_561171773599856_1484234223070417122_n-2\/'><img loading=\"lazy\" decoding=\"async\" width=\"150\" height=\"150\" src=\"https:\/\/repository.volare-project.eu\/wp-content\/uploads\/2024\/12\/462570047_561171773599856_1484234223070417122_n-150x150.jpg\" class=\"attachment-thumbnail size-thumbnail\" alt=\"\" \/><\/a>\n\t\t\t<\/div><\/figure><figure class='gallery-item'>\n\t\t\t<div class='gallery-icon landscape'>\n\t\t\t\t<a href='https:\/\/repository.volare-project.eu\/fr\/paris-16-21-novembre-2024-deuxieme-reunion-en-presentiel-de-lequipe-volare\/462556213_1694342304690298_3111618145380983223_n-2\/'><img loading=\"lazy\" decoding=\"async\" width=\"150\" height=\"150\" src=\"https:\/\/repository.volare-project.eu\/wp-content\/uploads\/2024\/12\/462556213_1694342304690298_3111618145380983223_n-150x150.jpg\" class=\"attachment-thumbnail size-thumbnail\" alt=\"\" \/><\/a>\n\t\t\t<\/div><\/figure><figure class='gallery-item'>\n\t\t\t<div class='gallery-icon landscape'>\n\t\t\t\t<a href='https:\/\/repository.volare-project.eu\/fr\/paris-16-21-novembre-2024-deuxieme-reunion-en-presentiel-de-lequipe-volare\/img_3884-2\/'><img loading=\"lazy\" decoding=\"async\" width=\"150\" height=\"150\" src=\"https:\/\/repository.volare-project.eu\/wp-content\/uploads\/2024\/12\/IMG_3884-150x150.jpg\" class=\"attachment-thumbnail size-thumbnail\" alt=\"\" \/><\/a>\n\t\t\t<\/div><\/figure><figure class='gallery-item'>\n\t\t\t<div class='gallery-icon portrait'>\n\t\t\t\t<a href='https:\/\/repository.volare-project.eu\/fr\/paris-16-21-novembre-2024-deuxieme-reunion-en-presentiel-de-lequipe-volare\/img_3568-2\/'><img loading=\"lazy\" decoding=\"async\" width=\"150\" height=\"150\" src=\"https:\/\/repository.volare-project.eu\/wp-content\/uploads\/2024\/12\/IMG_3568-150x150.jpg\" class=\"attachment-thumbnail size-thumbnail\" alt=\"\" \/><\/a>\n\t\t\t<\/div><\/figure><figure class='gallery-item'>\n\t\t\t<div class='gallery-icon landscape'>\n\t\t\t\t<a href='https:\/\/repository.volare-project.eu\/fr\/paris-16-21-novembre-2024-deuxieme-reunion-en-presentiel-de-lequipe-volare\/467399866_882449787307196_8095884346902516900_n-2\/'><img loading=\"lazy\" decoding=\"async\" width=\"150\" height=\"150\" src=\"https:\/\/repository.volare-project.eu\/wp-content\/uploads\/2024\/12\/467399866_882449787307196_8095884346902516900_n-150x150.jpg\" class=\"attachment-thumbnail size-thumbnail\" alt=\"\" \/><\/a>\n\t\t\t<\/div><\/figure><figure class='gallery-item'>\n\t\t\t<div class='gallery-icon portrait'>\n\t\t\t\t<a href='https:\/\/repository.volare-project.eu\/fr\/paris-16-21-novembre-2024-deuxieme-reunion-en-presentiel-de-lequipe-volare\/img_3558-1-2\/'><img loading=\"lazy\" decoding=\"async\" width=\"150\" height=\"150\" src=\"https:\/\/repository.volare-project.eu\/wp-content\/uploads\/2024\/12\/IMG_3558-1-150x150.jpg\" class=\"attachment-thumbnail size-thumbnail\" alt=\"\" \/><\/a>\n\t\t\t<\/div><\/figure><figure class='gallery-item'>\n\t\t\t<div class='gallery-icon landscape'>\n\t\t\t\t<a href='https:\/\/repository.volare-project.eu\/fr\/paris-16-21-novembre-2024-deuxieme-reunion-en-presentiel-de-lequipe-volare\/img_3522-2\/'><img loading=\"lazy\" decoding=\"async\" width=\"150\" height=\"150\" src=\"https:\/\/repository.volare-project.eu\/wp-content\/uploads\/2024\/12\/IMG_3522-150x150.jpg\" class=\"attachment-thumbnail size-thumbnail\" alt=\"\" \/><\/a>\n\t\t\t<\/div><\/figure><figure class='gallery-item'>\n\t\t\t<div class='gallery-icon portrait'>\n\t\t\t\t<a href='https:\/\/repository.volare-project.eu\/fr\/paris-16-21-novembre-2024-deuxieme-reunion-en-presentiel-de-lequipe-volare\/img_3572-2\/'><img loading=\"lazy\" decoding=\"async\" width=\"150\" height=\"150\" src=\"https:\/\/repository.volare-project.eu\/wp-content\/uploads\/2024\/12\/IMG_3572-150x150.jpg\" class=\"attachment-thumbnail size-thumbnail\" alt=\"\" \/><\/a>\n\t\t\t<\/div><\/figure>\n\t\t<\/div>\n\n<p>&nbsp;<\/p>\n<p>Le 18 novembre, le groupe VOLARE a visit\u00e9 l\u2019\u00e9cole primaire Pajol (\u00c9cole Polyvalente Pajol), qui a int\u00e9gr\u00e9 les principes de la p\u00e9dagogie Freinet et de la p\u00e9dagogie institutionnelle, en mettant l\u2019accent sur l\u2019inclusion, les pratiques d\u00e9mocratiques et l\u2019apprentissage coop\u00e9ratif. Nous avons particip\u00e9 aux cours de 5 classes, en observant diff\u00e9rentes pratiques p\u00e9dagogiques (par exemple: \u00abQuoi de neuf?\u00bb et le Conseil de classe). Nous avons \u00e9galement rencontr\u00e9 des enseignants et discut\u00e9 de la mise en \u0153uvre de la p\u00e9dagogie institutionnelle dans ce contexte scolaire sp\u00e9cifique, ainsi qu\u2019avec l\u2019ancienne directrice et un enseignant retrait\u00e9 ayant jou\u00e9 un r\u00f4le cl\u00e9 dans l\u2019adoption de ce mod\u00e8le \u00e9ducatif collaboratif. L\u2019\u00e9cole Pajol constitue un exemple d\u2019approche holistique de l\u2019\u00e9ducation, qui per\u00e7oit la diversit\u00e9 comme un atout et implique activement les parents ainsi que la communaut\u00e9 scolaire \u00e9largie dans le processus d\u2019apprentissage. La philosophie et les pratiques de cette \u00e9cole refl\u00e8tent plusieurs des objectifs du projet VOLARE : promouvoir des pratiques p\u00e9dagogiques inclusives qui accueillent tous les enfants sans exclusion, renforcent leur identit\u00e9 linguistique et culturelle et soutiennent leur inclusion \u00e9ducative et sociale. Cette visite nous a offert l\u2019opportunit\u00e9 d\u2019\u00e9changer des id\u00e9es, des m\u00e9thodologies, et a fourni \u00e0 l\u2019\u00e9quipe VOLARE des exemples concrets et des sources d\u2019inspiration sur la mani\u00e8re dont les p\u00e9dagogies collaboratives peuvent \u00eatre adapt\u00e9es pour r\u00e9pondre aux diff\u00e9rents besoins des enfants dans des contextes multiculturels.<\/p>\n<p>Le 19 novembre, les partenaires de VOLARE ont particip\u00e9 \u00e0 un atelier d\u00e9di\u00e9 \u00e0 la conception collaborative de la structure et des fonctionnalit\u00e9s de la plateforme num\u00e9rique du projet. En travaillant \u00e0 la fois en petits groupes et en pl\u00e9ni\u00e8re, nous avons exp\u00e9riment\u00e9 diff\u00e9rentes approches pour la narration num\u00e9rique et la pr\u00e9sentation des t\u00e9moignages recueillis, en explorant les moyens de les relier aux mat\u00e9riaux multimodaux s\u00e9lectionn\u00e9s ainsi qu\u2019\u00e0 l\u2019organisation et \u00e0 la classification du d\u00e9p\u00f4t. Il est ressorti de cette d\u00e9marche que la combinaison du volume important de mat\u00e9riaux d\u2019accompagnement collect\u00e9s dans les \u00e9tapes pr\u00e9c\u00e9dentes du projet avec les t\u00e9moignages recueillis repr\u00e9sente un d\u00e9fi \u00e0 plusieurs niveaux, n\u00e9cessitant des approfondissements au cours de la deuxi\u00e8me ann\u00e9e de mise en \u0153uvre du projet.<\/p>\n<p>La discussion sur le d\u00e9veloppement de la plateforme num\u00e9rique s\u2019est poursuivie le lendemain, avec un accent particulier sur la mani\u00e8re de maintenir les t\u00e9moignages au c\u0153ur du d\u00e9p\u00f4t num\u00e9rique, tout en facilitant la d\u00e9couverte des ressources p\u00e9dagogiques pour les enseignants et les \u00e9l\u00e8ves. Nous avons \u00e9galement abord\u00e9 des questions telles que la pr\u00e9sentation visuelle, la gestion des m\u00e9tadonn\u00e9es, l\u2019int\u00e9gration aux r\u00e9seaux sociaux, et planifi\u00e9 les prochaines \u00e9tapes. Ces \u00e9changes ont permis d\u2019\u00e9tablir une \u00abfeuille de route\u00bb pour le d\u00e9veloppement d\u2019une plateforme dynamique et conviviale, contribuant \u00e0 la r\u00e9alisation des objectifs du projet VOLARE et posant les bases des axes du prochain livrable.<\/p>\n<p>Le dernier jour de la r\u00e9union \u00e0 Paris, un groupe de travail compos\u00e9 de doctorants et de membres de l\u2019\u00e9quipe grecque de VOLARE a particip\u00e9 \u00e0 une discussion pour \u00e9changer leurs exp\u00e9riences et perspectives sur les questions de multilinguisme, de sp\u00e9cificit\u00e9s culturelles, d\u2019identit\u00e9s et d\u2019\u00e9ducation inclusive.<\/p>\n<p>Un grand merci \u00e0 Pierre et Del Aram pour l\u2019organisation des r\u00e9unions, de la journ\u00e9e d\u2019\u00e9tude et des visites, ainsi qu\u2019aux enseignants de l\u2019\u00e9cole Pajol pour leur accueil chaleureux et le partage de leurs pratiques et exp\u00e9riences inestimables. Le projet VOLARE entre dans sa phase la plus cr\u00e9ative \u2013 restez \u00e0 l\u2019\u00e9coute !<\/p>\n","protected":false},"excerpt":{"rendered":"<p>La deuxi\u00e8me rencontre en pr\u00e9sentiel des partenaires du projet VOLARE a port\u00e9 sur l\u2019\u00e9change de m\u00e9thodologies, de pratiques et d\u2019outils pour la collecte et la valorisation des t\u00e9moignages. Plusieurs membres de notre consortium y ont particip\u00e9: de l\u2019Universit\u00e9 de Sofia Kliment Ohridski (Bulgarie), Dafina Lazarova, Niren Hasanova et, via Zoom, Ilia Iliev ; de l\u2019Universit\u00e9<\/p>\n","protected":false},"author":1,"featured_media":833,"comment_status":"closed","ping_status":"closed","sticky":false,"template":"","format":"standard","meta":{"_acf_changed":false,"footnotes":""},"categories":[4],"tags":[],"class_list":["post-905","post","type-post","status-publish","format-standard","has-post-thumbnail","hentry","category-non-classifiee"],"acf":[],"yoast_head":"<!-- This site is optimized with the Yoast SEO plugin v26.2 - https:\/\/yoast.com\/wordpress\/plugins\/seo\/ -->\n<title>Paris, 16-21 novembre 2024: deuxi\u00e8me r\u00e9union en pr\u00e9sentiel de l\u2019\u00e9quipe VOLARE - Volare Repositroy<\/title>\n<meta name=\"robots\" content=\"index, follow, max-snippet:-1, max-image-preview:large, max-video-preview:-1\" \/>\n<link rel=\"canonical\" href=\"https:\/\/repository.volare-project.eu\/fr\/paris-16-21-novembre-2024-deuxieme-reunion-en-presentiel-de-lequipe-volare\/\" \/>\n<meta property=\"og:locale\" content=\"fr_FR\" \/>\n<meta property=\"og:type\" content=\"article\" \/>\n<meta property=\"og:title\" content=\"Paris, 16-21 novembre 2024: deuxi\u00e8me r\u00e9union en pr\u00e9sentiel de l\u2019\u00e9quipe VOLARE - Volare Repositroy\" \/>\n<meta property=\"og:description\" content=\"La deuxi\u00e8me rencontre en pr\u00e9sentiel des partenaires du projet VOLARE a port\u00e9 sur l\u2019\u00e9change de m\u00e9thodologies, de pratiques et d\u2019outils pour la collecte et la valorisation des t\u00e9moignages. Plusieurs membres de notre consortium y ont particip\u00e9: de l\u2019Universit\u00e9 de Sofia Kliment Ohridski (Bulgarie), Dafina Lazarova, Niren Hasanova et, via Zoom, Ilia Iliev ; de l\u2019Universit\u00e9\" \/>\n<meta property=\"og:url\" content=\"https:\/\/repository.volare-project.eu\/fr\/paris-16-21-novembre-2024-deuxieme-reunion-en-presentiel-de-lequipe-volare\/\" \/>\n<meta property=\"og:site_name\" content=\"Volare Repositroy\" \/>\n<meta property=\"article:published_time\" content=\"2024-12-13T16:59:14+00:00\" \/>\n<meta property=\"article:modified_time\" content=\"2024-12-27T11:33:14+00:00\" \/>\n<meta property=\"og:image\" content=\"https:\/\/repository.volare-project.eu\/wp-content\/uploads\/2024\/12\/IMG_3481.jpg\" \/>\n\t<meta property=\"og:image:width\" content=\"1333\" \/>\n\t<meta property=\"og:image:height\" content=\"1000\" \/>\n\t<meta property=\"og:image:type\" content=\"image\/jpeg\" \/>\n<meta name=\"author\" content=\"sociality\" \/>\n<meta name=\"twitter:card\" content=\"summary_large_image\" \/>\n<meta name=\"twitter:label1\" content=\"\u00c9crit par\" \/>\n\t<meta name=\"twitter:data1\" content=\"sociality\" \/>\n\t<meta name=\"twitter:label2\" content=\"Dur\u00e9e de lecture estim\u00e9e\" \/>\n\t<meta name=\"twitter:data2\" content=\"5 minutes\" \/>\n<script type=\"application\/ld+json\" class=\"yoast-schema-graph\">{\"@context\":\"https:\/\/schema.org\",\"@graph\":[{\"@type\":\"Article\",\"@id\":\"https:\/\/repository.volare-project.eu\/fr\/paris-16-21-novembre-2024-deuxieme-reunion-en-presentiel-de-lequipe-volare\/#article\",\"isPartOf\":{\"@id\":\"https:\/\/repository.volare-project.eu\/fr\/paris-16-21-novembre-2024-deuxieme-reunion-en-presentiel-de-lequipe-volare\/\"},\"author\":{\"name\":\"sociality\",\"@id\":\"https:\/\/repository.volare-project.eu\/#\/schema\/person\/2efa7df1857717ccf98b1dd3f2351570\"},\"headline\":\"Paris, 16-21 novembre 2024: deuxi\u00e8me r\u00e9union en pr\u00e9sentiel de l\u2019\u00e9quipe VOLARE\",\"datePublished\":\"2024-12-13T16:59:14+00:00\",\"dateModified\":\"2024-12-27T11:33:14+00:00\",\"mainEntityOfPage\":{\"@id\":\"https:\/\/repository.volare-project.eu\/fr\/paris-16-21-novembre-2024-deuxieme-reunion-en-presentiel-de-lequipe-volare\/\"},\"wordCount\":1110,\"publisher\":{\"@id\":\"https:\/\/repository.volare-project.eu\/#organization\"},\"image\":{\"@id\":\"https:\/\/repository.volare-project.eu\/fr\/paris-16-21-novembre-2024-deuxieme-reunion-en-presentiel-de-lequipe-volare\/#primaryimage\"},\"thumbnailUrl\":\"https:\/\/repository.volare-project.eu\/wp-content\/uploads\/2024\/12\/IMG_3481.jpg\",\"articleSection\":[\"Non classifi\u00e9(e)\"],\"inLanguage\":\"fr-FR\"},{\"@type\":\"WebPage\",\"@id\":\"https:\/\/repository.volare-project.eu\/fr\/paris-16-21-novembre-2024-deuxieme-reunion-en-presentiel-de-lequipe-volare\/\",\"url\":\"https:\/\/repository.volare-project.eu\/fr\/paris-16-21-novembre-2024-deuxieme-reunion-en-presentiel-de-lequipe-volare\/\",\"name\":\"Paris, 16-21 novembre 2024: deuxi\u00e8me r\u00e9union en pr\u00e9sentiel de l\u2019\u00e9quipe VOLARE - Volare Repositroy\",\"isPartOf\":{\"@id\":\"https:\/\/repository.volare-project.eu\/#website\"},\"primaryImageOfPage\":{\"@id\":\"https:\/\/repository.volare-project.eu\/fr\/paris-16-21-novembre-2024-deuxieme-reunion-en-presentiel-de-lequipe-volare\/#primaryimage\"},\"image\":{\"@id\":\"https:\/\/repository.volare-project.eu\/fr\/paris-16-21-novembre-2024-deuxieme-reunion-en-presentiel-de-lequipe-volare\/#primaryimage\"},\"thumbnailUrl\":\"https:\/\/repository.volare-project.eu\/wp-content\/uploads\/2024\/12\/IMG_3481.jpg\",\"datePublished\":\"2024-12-13T16:59:14+00:00\",\"dateModified\":\"2024-12-27T11:33:14+00:00\",\"breadcrumb\":{\"@id\":\"https:\/\/repository.volare-project.eu\/fr\/paris-16-21-novembre-2024-deuxieme-reunion-en-presentiel-de-lequipe-volare\/#breadcrumb\"},\"inLanguage\":\"fr-FR\",\"potentialAction\":[{\"@type\":\"ReadAction\",\"target\":[\"https:\/\/repository.volare-project.eu\/fr\/paris-16-21-novembre-2024-deuxieme-reunion-en-presentiel-de-lequipe-volare\/\"]}]},{\"@type\":\"ImageObject\",\"inLanguage\":\"fr-FR\",\"@id\":\"https:\/\/repository.volare-project.eu\/fr\/paris-16-21-novembre-2024-deuxieme-reunion-en-presentiel-de-lequipe-volare\/#primaryimage\",\"url\":\"https:\/\/repository.volare-project.eu\/wp-content\/uploads\/2024\/12\/IMG_3481.jpg\",\"contentUrl\":\"https:\/\/repository.volare-project.eu\/wp-content\/uploads\/2024\/12\/IMG_3481.jpg\",\"width\":1333,\"height\":1000},{\"@type\":\"BreadcrumbList\",\"@id\":\"https:\/\/repository.volare-project.eu\/fr\/paris-16-21-novembre-2024-deuxieme-reunion-en-presentiel-de-lequipe-volare\/#breadcrumb\",\"itemListElement\":[{\"@type\":\"ListItem\",\"position\":1,\"name\":\"Home\",\"item\":\"https:\/\/repository.volare-project.eu\/fr\/\"},{\"@type\":\"ListItem\",\"position\":2,\"name\":\"Paris, 16-21 novembre 2024: deuxi\u00e8me r\u00e9union en pr\u00e9sentiel de l\u2019\u00e9quipe VOLARE\"}]},{\"@type\":\"WebSite\",\"@id\":\"https:\/\/repository.volare-project.eu\/#website\",\"url\":\"https:\/\/repository.volare-project.eu\/\",\"name\":\"Volare Repositroy\",\"description\":\"\",\"publisher\":{\"@id\":\"https:\/\/repository.volare-project.eu\/#organization\"},\"potentialAction\":[{\"@type\":\"SearchAction\",\"target\":{\"@type\":\"EntryPoint\",\"urlTemplate\":\"https:\/\/repository.volare-project.eu\/?s={search_term_string}\"},\"query-input\":{\"@type\":\"PropertyValueSpecification\",\"valueRequired\":true,\"valueName\":\"search_term_string\"}}],\"inLanguage\":\"fr-FR\"},{\"@type\":\"Organization\",\"@id\":\"https:\/\/repository.volare-project.eu\/#organization\",\"name\":\"Volare Repositroy\",\"url\":\"https:\/\/repository.volare-project.eu\/\",\"logo\":{\"@type\":\"ImageObject\",\"inLanguage\":\"fr-FR\",\"@id\":\"https:\/\/repository.volare-project.eu\/#\/schema\/logo\/image\/\",\"url\":\"https:\/\/repository.volare-project.eu\/wp-content\/uploads\/2024\/05\/logo-volare.png\",\"contentUrl\":\"https:\/\/repository.volare-project.eu\/wp-content\/uploads\/2024\/05\/logo-volare.png\",\"width\":400,\"height\":285,\"caption\":\"Volare Repositroy\"},\"image\":{\"@id\":\"https:\/\/repository.volare-project.eu\/#\/schema\/logo\/image\/\"}},{\"@type\":\"Person\",\"@id\":\"https:\/\/repository.volare-project.eu\/#\/schema\/person\/2efa7df1857717ccf98b1dd3f2351570\",\"name\":\"sociality\",\"image\":{\"@type\":\"ImageObject\",\"inLanguage\":\"fr-FR\",\"@id\":\"https:\/\/repository.volare-project.eu\/#\/schema\/person\/image\/\",\"url\":\"https:\/\/secure.gravatar.com\/avatar\/366069af2a45d4bcfb2181c0d494bf03bc05a5d7f1f873f3b06ce669ad44b469?s=96&d=mm&r=g\",\"contentUrl\":\"https:\/\/secure.gravatar.com\/avatar\/366069af2a45d4bcfb2181c0d494bf03bc05a5d7f1f873f3b06ce669ad44b469?s=96&d=mm&r=g\",\"caption\":\"sociality\"},\"sameAs\":[\"https:\/\/repository.volare-project.eu\"],\"url\":\"https:\/\/repository.volare-project.eu\/fr\/author\/sociality\/\"}]}<\/script>\n<!-- \/ Yoast SEO plugin. -->","yoast_head_json":{"title":"Paris, 16-21 novembre 2024: deuxi\u00e8me r\u00e9union en pr\u00e9sentiel de l\u2019\u00e9quipe VOLARE - Volare Repositroy","robots":{"index":"index","follow":"follow","max-snippet":"max-snippet:-1","max-image-preview":"max-image-preview:large","max-video-preview":"max-video-preview:-1"},"canonical":"https:\/\/repository.volare-project.eu\/fr\/paris-16-21-novembre-2024-deuxieme-reunion-en-presentiel-de-lequipe-volare\/","og_locale":"fr_FR","og_type":"article","og_title":"Paris, 16-21 novembre 2024: deuxi\u00e8me r\u00e9union en pr\u00e9sentiel de l\u2019\u00e9quipe VOLARE - Volare Repositroy","og_description":"La deuxi\u00e8me rencontre en pr\u00e9sentiel des partenaires du projet VOLARE a port\u00e9 sur l\u2019\u00e9change de m\u00e9thodologies, de pratiques et d\u2019outils pour la collecte et la valorisation des t\u00e9moignages. Plusieurs membres de notre consortium y ont particip\u00e9: de l\u2019Universit\u00e9 de Sofia Kliment Ohridski (Bulgarie), Dafina Lazarova, Niren Hasanova et, via Zoom, Ilia Iliev ; de l\u2019Universit\u00e9","og_url":"https:\/\/repository.volare-project.eu\/fr\/paris-16-21-novembre-2024-deuxieme-reunion-en-presentiel-de-lequipe-volare\/","og_site_name":"Volare Repositroy","article_published_time":"2024-12-13T16:59:14+00:00","article_modified_time":"2024-12-27T11:33:14+00:00","og_image":[{"width":1333,"height":1000,"url":"https:\/\/repository.volare-project.eu\/wp-content\/uploads\/2024\/12\/IMG_3481.jpg","type":"image\/jpeg"}],"author":"sociality","twitter_card":"summary_large_image","twitter_misc":{"\u00c9crit par":"sociality","Dur\u00e9e de lecture estim\u00e9e":"5 minutes"},"schema":{"@context":"https:\/\/schema.org","@graph":[{"@type":"Article","@id":"https:\/\/repository.volare-project.eu\/fr\/paris-16-21-novembre-2024-deuxieme-reunion-en-presentiel-de-lequipe-volare\/#article","isPartOf":{"@id":"https:\/\/repository.volare-project.eu\/fr\/paris-16-21-novembre-2024-deuxieme-reunion-en-presentiel-de-lequipe-volare\/"},"author":{"name":"sociality","@id":"https:\/\/repository.volare-project.eu\/#\/schema\/person\/2efa7df1857717ccf98b1dd3f2351570"},"headline":"Paris, 16-21 novembre 2024: deuxi\u00e8me r\u00e9union en pr\u00e9sentiel de l\u2019\u00e9quipe VOLARE","datePublished":"2024-12-13T16:59:14+00:00","dateModified":"2024-12-27T11:33:14+00:00","mainEntityOfPage":{"@id":"https:\/\/repository.volare-project.eu\/fr\/paris-16-21-novembre-2024-deuxieme-reunion-en-presentiel-de-lequipe-volare\/"},"wordCount":1110,"publisher":{"@id":"https:\/\/repository.volare-project.eu\/#organization"},"image":{"@id":"https:\/\/repository.volare-project.eu\/fr\/paris-16-21-novembre-2024-deuxieme-reunion-en-presentiel-de-lequipe-volare\/#primaryimage"},"thumbnailUrl":"https:\/\/repository.volare-project.eu\/wp-content\/uploads\/2024\/12\/IMG_3481.jpg","articleSection":["Non classifi\u00e9(e)"],"inLanguage":"fr-FR"},{"@type":"WebPage","@id":"https:\/\/repository.volare-project.eu\/fr\/paris-16-21-novembre-2024-deuxieme-reunion-en-presentiel-de-lequipe-volare\/","url":"https:\/\/repository.volare-project.eu\/fr\/paris-16-21-novembre-2024-deuxieme-reunion-en-presentiel-de-lequipe-volare\/","name":"Paris, 16-21 novembre 2024: deuxi\u00e8me r\u00e9union en pr\u00e9sentiel de l\u2019\u00e9quipe VOLARE - Volare Repositroy","isPartOf":{"@id":"https:\/\/repository.volare-project.eu\/#website"},"primaryImageOfPage":{"@id":"https:\/\/repository.volare-project.eu\/fr\/paris-16-21-novembre-2024-deuxieme-reunion-en-presentiel-de-lequipe-volare\/#primaryimage"},"image":{"@id":"https:\/\/repository.volare-project.eu\/fr\/paris-16-21-novembre-2024-deuxieme-reunion-en-presentiel-de-lequipe-volare\/#primaryimage"},"thumbnailUrl":"https:\/\/repository.volare-project.eu\/wp-content\/uploads\/2024\/12\/IMG_3481.jpg","datePublished":"2024-12-13T16:59:14+00:00","dateModified":"2024-12-27T11:33:14+00:00","breadcrumb":{"@id":"https:\/\/repository.volare-project.eu\/fr\/paris-16-21-novembre-2024-deuxieme-reunion-en-presentiel-de-lequipe-volare\/#breadcrumb"},"inLanguage":"fr-FR","potentialAction":[{"@type":"ReadAction","target":["https:\/\/repository.volare-project.eu\/fr\/paris-16-21-novembre-2024-deuxieme-reunion-en-presentiel-de-lequipe-volare\/"]}]},{"@type":"ImageObject","inLanguage":"fr-FR","@id":"https:\/\/repository.volare-project.eu\/fr\/paris-16-21-novembre-2024-deuxieme-reunion-en-presentiel-de-lequipe-volare\/#primaryimage","url":"https:\/\/repository.volare-project.eu\/wp-content\/uploads\/2024\/12\/IMG_3481.jpg","contentUrl":"https:\/\/repository.volare-project.eu\/wp-content\/uploads\/2024\/12\/IMG_3481.jpg","width":1333,"height":1000},{"@type":"BreadcrumbList","@id":"https:\/\/repository.volare-project.eu\/fr\/paris-16-21-novembre-2024-deuxieme-reunion-en-presentiel-de-lequipe-volare\/#breadcrumb","itemListElement":[{"@type":"ListItem","position":1,"name":"Home","item":"https:\/\/repository.volare-project.eu\/fr\/"},{"@type":"ListItem","position":2,"name":"Paris, 16-21 novembre 2024: deuxi\u00e8me r\u00e9union en pr\u00e9sentiel de l\u2019\u00e9quipe VOLARE"}]},{"@type":"WebSite","@id":"https:\/\/repository.volare-project.eu\/#website","url":"https:\/\/repository.volare-project.eu\/","name":"Volare Repositroy","description":"","publisher":{"@id":"https:\/\/repository.volare-project.eu\/#organization"},"potentialAction":[{"@type":"SearchAction","target":{"@type":"EntryPoint","urlTemplate":"https:\/\/repository.volare-project.eu\/?s={search_term_string}"},"query-input":{"@type":"PropertyValueSpecification","valueRequired":true,"valueName":"search_term_string"}}],"inLanguage":"fr-FR"},{"@type":"Organization","@id":"https:\/\/repository.volare-project.eu\/#organization","name":"Volare Repositroy","url":"https:\/\/repository.volare-project.eu\/","logo":{"@type":"ImageObject","inLanguage":"fr-FR","@id":"https:\/\/repository.volare-project.eu\/#\/schema\/logo\/image\/","url":"https:\/\/repository.volare-project.eu\/wp-content\/uploads\/2024\/05\/logo-volare.png","contentUrl":"https:\/\/repository.volare-project.eu\/wp-content\/uploads\/2024\/05\/logo-volare.png","width":400,"height":285,"caption":"Volare Repositroy"},"image":{"@id":"https:\/\/repository.volare-project.eu\/#\/schema\/logo\/image\/"}},{"@type":"Person","@id":"https:\/\/repository.volare-project.eu\/#\/schema\/person\/2efa7df1857717ccf98b1dd3f2351570","name":"sociality","image":{"@type":"ImageObject","inLanguage":"fr-FR","@id":"https:\/\/repository.volare-project.eu\/#\/schema\/person\/image\/","url":"https:\/\/secure.gravatar.com\/avatar\/366069af2a45d4bcfb2181c0d494bf03bc05a5d7f1f873f3b06ce669ad44b469?s=96&d=mm&r=g","contentUrl":"https:\/\/secure.gravatar.com\/avatar\/366069af2a45d4bcfb2181c0d494bf03bc05a5d7f1f873f3b06ce669ad44b469?s=96&d=mm&r=g","caption":"sociality"},"sameAs":["https:\/\/repository.volare-project.eu"],"url":"https:\/\/repository.volare-project.eu\/fr\/author\/sociality\/"}]}},"_links":{"self":[{"href":"https:\/\/repository.volare-project.eu\/fr\/wp-json\/wp\/v2\/posts\/905","targetHints":{"allow":["GET"]}}],"collection":[{"href":"https:\/\/repository.volare-project.eu\/fr\/wp-json\/wp\/v2\/posts"}],"about":[{"href":"https:\/\/repository.volare-project.eu\/fr\/wp-json\/wp\/v2\/types\/post"}],"author":[{"embeddable":true,"href":"https:\/\/repository.volare-project.eu\/fr\/wp-json\/wp\/v2\/users\/1"}],"replies":[{"embeddable":true,"href":"https:\/\/repository.volare-project.eu\/fr\/wp-json\/wp\/v2\/comments?post=905"}],"version-history":[{"count":2,"href":"https:\/\/repository.volare-project.eu\/fr\/wp-json\/wp\/v2\/posts\/905\/revisions"}],"predecessor-version":[{"id":907,"href":"https:\/\/repository.volare-project.eu\/fr\/wp-json\/wp\/v2\/posts\/905\/revisions\/907"}],"wp:featuredmedia":[{"embeddable":true,"href":"https:\/\/repository.volare-project.eu\/fr\/wp-json\/wp\/v2\/media\/833"}],"wp:attachment":[{"href":"https:\/\/repository.volare-project.eu\/fr\/wp-json\/wp\/v2\/media?parent=905"}],"wp:term":[{"taxonomy":"category","embeddable":true,"href":"https:\/\/repository.volare-project.eu\/fr\/wp-json\/wp\/v2\/categories?post=905"},{"taxonomy":"post_tag","embeddable":true,"href":"https:\/\/repository.volare-project.eu\/fr\/wp-json\/wp\/v2\/tags?post=905"}],"curies":[{"name":"wp","href":"https:\/\/api.w.org\/{rel}","templated":true}]}}